{"id":1361,"date":"2022-03-10T19:37:10","date_gmt":"2022-03-10T19:37:10","guid":{"rendered":"https:\/\/blogs.smbosque.es\/economia\/?p=1361"},"modified":"2022-03-10T19:37:10","modified_gmt":"2022-03-10T19:37:10","slug":"el-gobierno-preve-que-la-guerra-ralentice-la-economia-pero-el-pib-seguira-al-alza-segun-calvino","status":"publish","type":"post","link":"https:\/\/blogs.smbosque.es\/economia\/2022\/03\/10\/el-gobierno-preve-que-la-guerra-ralentice-la-economia-pero-el-pib-seguira-al-alza-segun-calvino\/","title":{"rendered":"El Gobierno prev\u00e9 que la guerra ralentice la econom\u00eda, pero el PIB seguir\u00e1 al alza, seg\u00fan Calvi\u00f1o"},"content":{"rendered":"\n<div class=\"wp-block-image\"><figure class=\"aligncenter size-full is-resized\"><a href=\"https:\/\/blogs.smbosque.es\/economia\/files\/2022\/03\/image-1.png\"><img loading=\"lazy\" decoding=\"async\" src=\"https:\/\/blogs.smbosque.es\/economia\/files\/2022\/03\/image-1.png\" alt=\"\" class=\"wp-image-1362\" width=\"314\" height=\"65\" srcset=\"https:\/\/blogs.smbosque.es\/economia\/files\/2022\/03\/image-1.png 493w, https:\/\/blogs.smbosque.es\/economia\/files\/2022\/03\/image-1-300x62.png 300w\" sizes=\"auto, (max-width: 314px) 100vw, 314px\" \/><\/a><figcaption>7\/3\/2022<\/figcaption><\/figure><\/div>\n\n\n\n<p><strong><em><mark class=\"has-inline-color has-vivid-red-color\">\u00abNo se pone en duda que estamos en una senda de recuperaci\u00f3n econ\u00f3mica y con creaci\u00f3n de empleo\u00bb, ha defendido la vicepresidenta primera del Ejecutivo.<\/mark><\/em><\/strong><\/p>\n\n\n\n<p id=\"m113-112-114\">El Gobierno ya anticipa que la guerra en Ucrania provoque una ralentizaci\u00f3n de la econom\u00eda debido al incremento de los precios de la energ\u00eda, lo cual se traducir\u00e1 en una inflaci\u00f3n m\u00e1s persistente de lo esperado, aunque<strong>&nbsp;descarta que llegue hasta el punto de poner en riesgo que el PIB siga creciendo.<\/strong><\/p>\n\n\n\n<p id=\"m118-117-119\">\u00abEl impacto de esta guerra puede ser una ralentizaci\u00f3n, pero<strong>&nbsp;no se pone en duda que estamos en una senda de recuperaci\u00f3n econ\u00f3mica y con creaci\u00f3n de empleo\u00bb, h<\/strong>a defendido la vicepresidenta primera del Ejecutivo, Nadia Calvi\u00f1o, en una entrevista este lunes en el programa \u00abLa Hora de la 1\u00bb.<\/p>\n\n\n\n<p id=\"m123-122-124\">La tambi\u00e9n ministra de Econom\u00eda ha reconocido que es \u00abuna l\u00e1stima\u00bb que el conflicto afecte a Espa\u00f1a en un momento en el que protagonizaba una \u00abfuerte recuperaci\u00f3n\u00bb, con unas perspectivas macro muy optimistas.<\/p>\n\n\n\n<p id=\"m258-257-259\">No obstante,&nbsp;<strong>ha subrayado que el Ejecutivo seguir\u00e1 \u00abimpulsando\u00bb el Plan de Recuperaci\u00f3n,<\/strong>&nbsp;Transformaci\u00f3n y Resiliencia -dise\u00f1ado para ejecutar los fondos europeos- con el objetivo precisamente de que la econom\u00eda siga en positivo.<\/p>\n\n\n\n<p id=\"m263-262-264\">\u00abVienen tiempos dif\u00edciles\u00bb, ha admitido Calvi\u00f1o, quien ha incidido en que \u00abhay que hacerse a la idea de lo que viene\u00bb, en alusi\u00f3n sobre todo a la inflaci\u00f3n.<\/p>\n\n\n\n<p id=\"m268-267-269\">La ministra ha explicado que en el caso espa\u00f1ol los precios del gas se trasladan casi autom\u00e1ticamente a la factura de la luz -pese a generar apenas el 10 % de toda la electricidad consumida en Espa\u00f1a- y tambi\u00e9n al IPC, un fen\u00f3meno que abogan por evitar con cambios a nivel comunitario.<\/p>\n\n\n\n<p id=\"m273-272-274\">\u00abQueremos topar los precios, para que el precio del megavatio\/hora (en el mercado mayorista de la electricidad) no dependa de lo que haga (el presidente ruso, Vlad\u00edmir) Putin\u00bb, ha detallado.<\/p>\n\n\n\n<p id=\"m278-277-279\">En este sentido,<strong>&nbsp;ha apuntado que Espa\u00f1a fue \u00abel primero en dar la se\u00f1al de alarma\u00bb en la Uni\u00f3n Europea por esa conexi\u00f3n<\/strong>&nbsp;tan autom\u00e1tica del precio del gas y la inflaci\u00f3n, motivo que ha llevado al Gobierno a defender en Bruselas que es necesario \u00abtoparlo\u00bb, a la espera de que su reivindicaci\u00f3n cuente con el apoyo de m\u00e1s pa\u00edses.<\/p>\n\n\n\n<p id=\"m283-282-284\">En cuanto al abastecimiento de gas, Calvi\u00f1o ha transmitido un mensaje de tranquilidad y ha confirmado que hay \u00abconversaciones constantes con el Gobierno de Argelia\u00bb en las que el pa\u00eds magreb\u00ed garantiza el suministro a Espa\u00f1a.<\/p>\n\n\n\n<p id=\"m288-287-289\">Preguntada sobre las<strong>&nbsp;conversaciones con patronal y sindicatos para alcanzar un \u00abpacto de rentas\u00bb,&nbsp;<\/strong>la titular de Econom\u00eda ha exhortado a ambas partes a adecuar la evoluci\u00f3n de los salarios pero tambi\u00e9n la de los dividendos empresariales a un ritmo \u00abadecuado\u00bb que permita compensar la subida generalizada de los precios pero \u00absin entrar en una espiral inflacionista\u00bb.&nbsp;<\/p>\n","protected":false},"excerpt":{"rendered":"<p>\u00abNo se pone en duda que estamos en una senda de recuperaci\u00f3n econ\u00f3mica y con creaci\u00f3n de empleo\u00bb, ha defendido la vicepresidenta primera del Ejecutivo. El Gobierno ya anticipa que la guerra en Ucrania provoque una ralentizaci\u00f3n de la econom\u00eda &hellip; <a href=\"https:\/\/blogs.smbosque.es\/economia\/2022\/03\/10\/el-gobierno-preve-que-la-guerra-ralentice-la-economia-pero-el-pib-seguira-al-alza-segun-calvino\/\">Sigue leyendo <span class=\"meta-nav\">&rarr;<\/span><\/a><\/p>\n","protected":false},"author":35,"featured_media":0,"comment_status":"open","ping_status":"closed","sticky":false,"template":"","format":"standard","meta":{"footnotes":""},"categories":[7],"tags":[],"class_list":["post-1361","post","type-post","status-publish","format-standard","hentry","category-economia-y-mercados-financieros"],"jetpack_featured_media_url":"","_links":{"self":[{"href":"https:\/\/blogs.smbosque.es\/economia\/wp-json\/wp\/v2\/posts\/1361","targetHints":{"allow":["GET"]}}],"collection":[{"href":"https:\/\/blogs.smbosque.es\/economia\/wp-json\/wp\/v2\/posts"}],"about":[{"href":"https:\/\/blogs.smbosque.es\/economia\/wp-json\/wp\/v2\/types\/post"}],"author":[{"embeddable":true,"href":"https:\/\/blogs.smbosque.es\/economia\/wp-json\/wp\/v2\/users\/35"}],"replies":[{"embeddable":true,"href":"https:\/\/blogs.smbosque.es\/economia\/wp-json\/wp\/v2\/comments?post=1361"}],"version-history":[{"count":1,"href":"https:\/\/blogs.smbosque.es\/economia\/wp-json\/wp\/v2\/posts\/1361\/revisions"}],"predecessor-version":[{"id":1363,"href":"https:\/\/blogs.smbosque.es\/economia\/wp-json\/wp\/v2\/posts\/1361\/revisions\/1363"}],"wp:attachment":[{"href":"https:\/\/blogs.smbosque.es\/economia\/wp-json\/wp\/v2\/media?parent=1361"}],"wp:term":[{"taxonomy":"category","embeddable":true,"href":"https:\/\/blogs.smbosque.es\/economia\/wp-json\/wp\/v2\/categories?post=1361"},{"taxonomy":"post_tag","embeddable":true,"href":"https:\/\/blogs.smbosque.es\/economia\/wp-json\/wp\/v2\/tags?post=1361"}],"curies":[{"name":"wp","href":"https:\/\/api.w.org\/{rel}","templated":true}]}}