{"id":1417,"date":"2022-07-03T19:09:02","date_gmt":"2022-07-03T19:09:02","guid":{"rendered":"https:\/\/blogs.smbosque.es\/economia\/?p=1417"},"modified":"2022-07-03T19:09:02","modified_gmt":"2022-07-03T19:09:02","slug":"la-inflacion-se-come-110-000-millones-de-euros-en-salarios-y-ahorro-en-12-meses","status":"publish","type":"post","link":"https:\/\/blogs.smbosque.es\/economia\/2022\/07\/03\/la-inflacion-se-come-110-000-millones-de-euros-en-salarios-y-ahorro-en-12-meses\/","title":{"rendered":"La inflaci\u00f3n se come 110.000 millones de euros en salarios y ahorro en 12 meses"},"content":{"rendered":"\n<h2 class=\"wp-block-heading\">El IPC interanual se dispara hasta el 10,2% por gasolinas y alimentos, el m\u00e1ximo en 37 a\u00f1os<\/h2>\n\n\n\n<figure class=\"wp-block-image is-resized\"><img loading=\"lazy\" decoding=\"async\" src=\"https:\/\/upload.wikimedia.org\/wikipedia\/commons\/thumb\/0\/01\/Cinco_D%C3%ADas_logo.svg\/1280px-Cinco_D%C3%ADas_logo.svg.png\" alt=\"Archivo:Cinco D\u00edas logo.svg - Wikipedia, la enciclopedia libre\" width=\"286\" height=\"44\" \/><figcaption><a href=\"https:\/\/cincodias.elpais.com\/tag\/fecha\/20220630\">30 JUN 2022<\/a><\/figcaption><\/figure>\n\n\n\n<p>Lejos de aflojar, la presi\u00f3n inflacionista sigue castigando a la econom\u00eda y a los hogares espa\u00f1oles. El IPC se dispar\u00f3 1,5 puntos en el mes de junio, cerrando en una tasa interanual del 10,2%, seg\u00fan el indicador adelantado del INE.<\/p>\n\n\n\n<p>Es la inflaci\u00f3n m\u00e1s alta en 37 a\u00f1os, desde 1985, superando tanto el dato del 8,7% registrado en mayo como el anterior m\u00e1ximo de marzo, un 9,8%. Gasolinas y productos de alimentaci\u00f3n fueron los responsables de la subida de los precios, indica el INE que, al tratarse de una primera estimaci\u00f3n, no da cuenta de la composici\u00f3n de la subida de los precios. La inflaci\u00f3n, en todo caso, sigue filtr\u00e1ndose al conjunto de la econom\u00eda.<\/p>\n\n\n\n<p>As\u00ed, la inflaci\u00f3n subyacente, que no tiene en cuenta los productos m\u00e1s vol\u00e1tiles, como combustibles o alimentos, est\u00e1 ya en una tasa interanual del 5,5%, tras subir seis d\u00e9cimas este mes. Es m\u00e1ximo desde 1993.<\/p>\n\n\n\n<p>Los precios comenzaron a escalar en Espa\u00f1a a la vuelta del verano de 2021 impulsados fundamentalmente por el precio de la energ\u00eda, con lo que el IPC medio anual cerr\u00f3 el ejercicio pasado en el 3,1% tras haber llegado a estar en negativo en el a\u00f1o.<\/p>\n\n\n\n<p>Pero lo que parec\u00eda un aumento muy coyuntural cuyos efectos desaparecer\u00edan en primavera, seg\u00fan los primeros c\u00e1lculos de los analistas, se ha convertido en una aut\u00e9ntica pesadilla para la cesta de la compra, por los efectos de la guerra en Ucrania, que parece cronificarse, acumulando ya m\u00e1s de cinco meses.<\/p>\n\n\n\n<p>El tsunami al que se est\u00e1n viendo sometidos los precios de los productos de la cesta de la compra tambi\u00e9n est\u00e1n pasando una dura factura al conjunto de los ciudadanos que se refleja a trav\u00e9s de una clara p\u00e9rdida del poder adquisitivo de compra. Con el mismo dinero se pueden comprar menos cosas. Esta ca\u00edda del poder de compra se deja sentir especialmente en las rentas salariales y en los ahorros de familias y empresas.<\/p>\n\n\n\n<p>Una aproximaci\u00f3n cuantificable del dinero que podr\u00eda suponer este impacto de la escalada inflacionista en dichas rentas, podr\u00eda rondar los 110.000 millones de euros de reducci\u00f3n en el poder de compra de los salarios y los dep\u00f3sitos.<\/p>\n\n\n\n<p>Lo primero que se debe concretar para hacer este c\u00e1lculo es cu\u00e1nto se han encarecido los precios y para ello, lo m\u00e1s adecuado es tomar no solo el dato del mes, en este caso junio el 10,2%, sino determinar cu\u00e1nto han subido los precios en promedio en los \u00faltimos doce meses. Esto arrojar\u00eda un aumento medio del IPC del 6,5% entre julio de 2021 y junio de 2022.<\/p>\n\n\n\n<p>Una vez calculada esta cuesti\u00f3n, se toman los datos de rentas salariales incluidos en los datos de la Contabilidad Nacional Trimestral, que tambi\u00e9n elabora el INE, y que muestran que la masa salarial anual del pa\u00eds asciende a un entorno de cerca de 660.000 millones de euros.<\/p>\n\n\n\n<p>Teniendo en cuenta que el incremento salarial medio pactado en los convenios colectivos hasta ahora es el 2,42% para 6 millones de asalariados en lo que va de a\u00f1o, podr\u00eda decirse que estos trabajadores seg\u00fan la inflaci\u00f3n media de los \u00faltimos doce meses (6,5%) est\u00e1n perdiendo 4,1 puntos de poder de compra y otros 12 millones a\u00fan no ha experimentado incremento salarial alguno. Todo ello lleva a una p\u00e9rdida de poder adquisitivo del orden de 35.000 millones de euros. La siguiente cuenta es m\u00e1s sencilla.<\/p>\n\n\n\n<p>Espa\u00f1a cuenta con poco m\u00e1s que un bill\u00f3n de euros en ahorros depositados en cuentas corrientes. Este dinero no est\u00e1 pr\u00e1cticamente retribuido por lo que el impacto del 6,5% ser\u00eda completo, mermando una cantidad aproximada a los 65.000 millones de euros de la capacidad de compra de los ahorros de los espa\u00f1oles.<\/p>\n\n\n\n<p>Dentro del impacto monetario de la escalada inflacionista se encuentra tambi\u00e9n el encarecimiento de la n\u00f3mina de las pensiones, cuya revalorizaci\u00f3n seg\u00fan el IPC anual promedio, en este caso de noviembre de 2022 est\u00e1 garantizado por ley.<\/p>\n\n\n\n<p>Si esto se cumple, har\u00e1 que los pensionistas no pierdan poder adquisitivo a pesar de que los precios sigan desbocados, ahora bien, la factura para las arcas p\u00fablicas de esta revalorizaci\u00f3n podr\u00eda elevarse hasta los 9.800 millones adicionales si el IPC medio anual se mantuviese en el 6,5% de los \u00faltimos doce meses.<\/p>\n\n\n\n<p>El repunte de los precios de 2021 que acab\u00f3 en el 6,5% supuso un incremento en fr\u00edo en el IRPF de 4.110 millones de euros, 199 euros m\u00e1s por contribuyente.<\/p>\n\n\n\n<p>El dato publicado por el INE es el mayor desde abril de 1985. Hace 37 a\u00f1os, el problema de la inflaci\u00f3n estaba circunscrito a nivel interno. La econom\u00eda espa\u00f1ola cerr\u00f3 ese a\u00f1o una etapa crucial para la historia.<\/p>\n\n\n\n<p>El 12 de junio de 1985 se firm\u00f3 el tratado de adhesi\u00f3n a la Comunidad Econ\u00f3mica Europea, embri\u00f3n de la actual Uni\u00f3n Europea y eso l\u00f3gicamente tuvo unos peajes que se manifestaron a trav\u00e9s de una elevaci\u00f3n de los precios, pero tambi\u00e9n permiti\u00f3 un elevado crecimiento econ\u00f3mico y una mejora de la distribuci\u00f3n de la riqueza.<\/p>\n\n\n\n<p>La situaci\u00f3n geopol\u00edtica era muy distinta. El presidente Ronal Reagan jur\u00f3 su cargo en enero de ese a\u00f1o y en la antigua Uni\u00f3n Sovi\u00e9tica Mija\u00edl Gorbachov lleg\u00f3 a la presidencia. Eran los tiempos en los que Estados Unidos y Rusia se entend\u00edan e iniciaron las negociaciones sobre el desarme nuclear tras la guerra fr\u00eda.<\/p>\n","protected":false},"excerpt":{"rendered":"<p>El IPC interanual se dispara hasta el 10,2% por gasolinas y alimentos, el m\u00e1ximo en 37 a\u00f1os Lejos de aflojar, la presi\u00f3n inflacionista sigue castigando a la econom\u00eda y a los hogares espa\u00f1oles. El IPC se dispar\u00f3 1,5 puntos en &hellip; <a href=\"https:\/\/blogs.smbosque.es\/economia\/2022\/07\/03\/la-inflacion-se-come-110-000-millones-de-euros-en-salarios-y-ahorro-en-12-meses\/\">Sigue leyendo <span class=\"meta-nav\">&rarr;<\/span><\/a><\/p>\n","protected":false},"author":35,"featured_media":0,"comment_status":"open","ping_status":"closed","sticky":false,"template":"","format":"standard","meta":{"footnotes":""},"categories":[7],"tags":[],"class_list":["post-1417","post","type-post","status-publish","format-standard","hentry","category-economia-y-mercados-financieros"],"jetpack_featured_media_url":"","_links":{"self":[{"href":"https:\/\/blogs.smbosque.es\/economia\/wp-json\/wp\/v2\/posts\/1417","targetHints":{"allow":["GET"]}}],"collection":[{"href":"https:\/\/blogs.smbosque.es\/economia\/wp-json\/wp\/v2\/posts"}],"about":[{"href":"https:\/\/blogs.smbosque.es\/economia\/wp-json\/wp\/v2\/types\/post"}],"author":[{"embeddable":true,"href":"https:\/\/blogs.smbosque.es\/economia\/wp-json\/wp\/v2\/users\/35"}],"replies":[{"embeddable":true,"href":"https:\/\/blogs.smbosque.es\/economia\/wp-json\/wp\/v2\/comments?post=1417"}],"version-history":[{"count":1,"href":"https:\/\/blogs.smbosque.es\/economia\/wp-json\/wp\/v2\/posts\/1417\/revisions"}],"predecessor-version":[{"id":1418,"href":"https:\/\/blogs.smbosque.es\/economia\/wp-json\/wp\/v2\/posts\/1417\/revisions\/1418"}],"wp:attachment":[{"href":"https:\/\/blogs.smbosque.es\/economia\/wp-json\/wp\/v2\/media?parent=1417"}],"wp:term":[{"taxonomy":"category","embeddable":true,"href":"https:\/\/blogs.smbosque.es\/economia\/wp-json\/wp\/v2\/categories?post=1417"},{"taxonomy":"post_tag","embeddable":true,"href":"https:\/\/blogs.smbosque.es\/economia\/wp-json\/wp\/v2\/tags?post=1417"}],"curies":[{"name":"wp","href":"https:\/\/api.w.org\/{rel}","templated":true}]}}