{"id":450,"date":"2016-11-21T21:40:23","date_gmt":"2016-11-21T21:40:23","guid":{"rendered":"http:\/\/blogs.smbosque.es\/economia\/?p=450"},"modified":"2016-11-21T21:40:23","modified_gmt":"2016-11-21T21:40:23","slug":"hacienda-garantiza-que-no-subira-ni-el-irpf-ni-el-iva-para-cumplir-con-el-deficit","status":"publish","type":"post","link":"https:\/\/blogs.smbosque.es\/economia\/2016\/11\/21\/hacienda-garantiza-que-no-subira-ni-el-irpf-ni-el-iva-para-cumplir-con-el-deficit\/","title":{"rendered":"Hacienda garantiza que no subir\u00e1 ni el IRPF ni el IVA para cumplir con el d\u00e9ficit"},"content":{"rendered":"<p><img loading=\"lazy\" decoding=\"async\" src=\"http:\/\/e01-expansion.uecdn.es\/assets\/desktop\/master\/img\/logos\/logo_expansion_noticia.png\" alt=\"expansion.com\" width=\"153\" height=\"37\" \/>\u00a0 <span class=\"fecha\">19\/11\/2016<\/span><\/p>\n<p>El nuevo secretario de Estado de Hacienda, Jos\u00e9 Enrique Fern\u00e1ndez de Moya, promete, adem\u00e1s, que el ministerio \u00abdialogar\u00e1 hasta la extenuaci\u00f3n\u00bb para sacar adelante la nueva financiaci\u00f3n auton\u00f3mica.<\/p>\n<p>Fern\u00e1ndez de Moya ha asegurado hoy que el Gobierno podr\u00e1 llevar a cabo la consolidaci\u00f3n fiscal que le exige Bruselas sin tocar los principales impuestos, como IRPF e IVA, gracias al aumento de la recaudaci\u00f3n por la mejora de la econom\u00eda.<\/p>\n<p>La Comisi\u00f3n Europea (CE) estima que Espa\u00f1a tendr\u00e1 que hacer en 2017 un ajuste de entorno a 7.700 millones de euros para cumplir con su compromiso de reducir el d\u00e9ficit al 3,1% del PIB, puesto que si el Gobierno no toma medidas, prev\u00e9 que el desv\u00edo llegue hasta el 3,8%.<\/p>\n<p>Durante su intervenci\u00f3n en el acto de clausura del XXI Encuentro de Econom\u00eda de S&#8217;Agar\u00f3, Fern\u00e1ndez de Moya se ha mostrado convencido de que la evoluci\u00f3n de la econom\u00eda espa\u00f1ola va a permitir mejorar la recaudaci\u00f3n y cumplir \u00abplenamente\u00bb con el ajuste que pide Bruselas \u00absin necesidad de tocar los principales impuestos\u00bb.<\/p>\n<p>\u00abLa pol\u00edtica tributaria ser\u00e1 estable en los principales tributos, pues la salida de la crisis permite un crecimiento de la recaudaci\u00f3n\u00bb, ha explicado el alto cargo ante medio centenar de empresarios, que le han trasladado su preocupaci\u00f3n por los impuestos que podr\u00eda subir el Gobierno para contentar a la Comisi\u00f3n Europea.<\/p>\n<p>Jos\u00e9 Enrique Fern\u00e1ndez de Moya ha garantizado que el Ejecutivo no va a tocar ni el IVA ni el IRPF y que \u00abcualquier medida que se ponga en marcha la va a consensuar con el resto de fuerzas pol\u00edticas\u00bb.<\/p>\n<p>\u00abNosotros ya hemos dicho que en el \u00e1nimo del Gobierno de Espa\u00f1a no hablamos de tocar el IRPF\u00bb, ha incidido el nuevo secretario de Estado, que ha avanzado que para incrementar la recaudaci\u00f3n el Ministerio de Hacienda est\u00e1 trabajando en un \u00abambicioso\u00bb paquete de medidas de lucha contra el fraude en el conjunto de Espa\u00f1a.<\/p>\n","protected":false},"excerpt":{"rendered":"<p>\u00a0 19\/11\/2016 El nuevo secretario de Estado de Hacienda, Jos\u00e9 Enrique Fern\u00e1ndez de Moya, promete, adem\u00e1s, que el ministerio \u00abdialogar\u00e1 hasta la extenuaci\u00f3n\u00bb para sacar adelante la nueva financiaci\u00f3n auton\u00f3mica. Fern\u00e1ndez de Moya ha asegurado hoy que el Gobierno podr\u00e1 &hellip; <a href=\"https:\/\/blogs.smbosque.es\/economia\/2016\/11\/21\/hacienda-garantiza-que-no-subira-ni-el-irpf-ni-el-iva-para-cumplir-con-el-deficit\/\">Sigue leyendo <span class=\"meta-nav\">&rarr;<\/span><\/a><\/p>\n","protected":false},"author":35,"featured_media":0,"comment_status":"open","ping_status":"closed","sticky":false,"template":"","format":"standard","meta":{"footnotes":""},"categories":[7],"tags":[],"class_list":["post-450","post","type-post","status-publish","format-standard","hentry","category-economia-y-mercados-financieros"],"jetpack_featured_media_url":"","_links":{"self":[{"href":"https:\/\/blogs.smbosque.es\/economia\/wp-json\/wp\/v2\/posts\/450","targetHints":{"allow":["GET"]}}],"collection":[{"href":"https:\/\/blogs.smbosque.es\/economia\/wp-json\/wp\/v2\/posts"}],"about":[{"href":"https:\/\/blogs.smbosque.es\/economia\/wp-json\/wp\/v2\/types\/post"}],"author":[{"embeddable":true,"href":"https:\/\/blogs.smbosque.es\/economia\/wp-json\/wp\/v2\/users\/35"}],"replies":[{"embeddable":true,"href":"https:\/\/blogs.smbosque.es\/economia\/wp-json\/wp\/v2\/comments?post=450"}],"version-history":[{"count":1,"href":"https:\/\/blogs.smbosque.es\/economia\/wp-json\/wp\/v2\/posts\/450\/revisions"}],"predecessor-version":[{"id":451,"href":"https:\/\/blogs.smbosque.es\/economia\/wp-json\/wp\/v2\/posts\/450\/revisions\/451"}],"wp:attachment":[{"href":"https:\/\/blogs.smbosque.es\/economia\/wp-json\/wp\/v2\/media?parent=450"}],"wp:term":[{"taxonomy":"category","embeddable":true,"href":"https:\/\/blogs.smbosque.es\/economia\/wp-json\/wp\/v2\/categories?post=450"},{"taxonomy":"post_tag","embeddable":true,"href":"https:\/\/blogs.smbosque.es\/economia\/wp-json\/wp\/v2\/tags?post=450"}],"curies":[{"name":"wp","href":"https:\/\/api.w.org\/{rel}","templated":true}]}}