{"id":224,"date":"2020-03-26T08:30:00","date_gmt":"2020-03-26T07:30:00","guid":{"rendered":"http:\/\/blogs.smbosque.es\/mariagarcia\/?p=224"},"modified":"2020-03-26T10:38:08","modified_gmt":"2020-03-26T09:38:08","slug":"jueves-26-03-2020","status":"publish","type":"post","link":"https:\/\/blogs.smbosque.es\/mariagarcia\/2020\/03\/26\/jueves-26-03-2020\/","title":{"rendered":"Jueves 26\/03\/2020"},"content":{"rendered":"<p><!--StartFragment--><\/p>\n\n\n<div class=\"wp-block-media-text alignwide has-media-on-the-right\" style=\"grid-template-columns:auto 49%\"><figure class=\"wp-block-media-text__media\"><img decoding=\"async\" src=\"https:\/\/blogs.smbosque.es\/raullopez\/files\/2020\/03\/35c855d4032ac130d3ee594e2f2de050.jpg\" alt=\"\" class=\"wp-image-495\" \/><\/figure><div class=\"wp-block-media-text__content\">\n<p style=\"background-color:#ffe3ff;color:#445f7a\" class=\"has-text-color has-background has-text-align-right has-medium-font-size\">\u00a1\u00a1BUENOS D\u00cdAS FAMILIA!!<br>Otra vez totalmente cierto. Est\u00e1is pudiendo con esta situaci\u00f3n chic@s y demostrando todo lo que val\u00e9is. S\u00daPER ENCANTADOS de tener alumn@s como vostr@s que se lo curran TANT\u00cdSIMO.<br>\u00a1\u00a1Seguid as\u00ed!!<\/p>\n<\/div><\/div>\n\n\n\n<figure class=\"wp-block-audio\"><audio controls src=\"https:\/\/blogs.smbosque.es\/raullopez\/files\/2020\/03\/el-tinglao-color-esperanza.mp3\"><\/audio><figcaption>El Tinglao &#8211; Color esperanza<\/figcaption><\/figure>\n\n\n<p><!--StartFragment--><\/p>\n\n\n<p class=\"has-text-color has-background has-medium-font-size has-black-color has-blue-background-color\"><strong>MATES<\/strong><\/p>\n\n\n\n<ul class=\"wp-block-list\"><li>Continuamos con los pol\u00edgonos de 4 lados&#8230;\u00a1Exacto, los<strong> CUADRIL\u00c1TEROS<\/strong>!<\/li><li>Hoy toca trabajar con las p\u00e1ginas 154 y 155. Aqu\u00ed las ten\u00e9is:<\/li><\/ul>\n\n\n\n<div class=\"wp-block-file\"><a href=\"https:\/\/blogs.smbosque.es\/raullopez\/files\/2020\/03\/mates-154-1.png\">P\u00e1gina 154 de Mates<\/a><a href=\"https:\/\/blogs.smbosque.es\/raullopez\/files\/2020\/03\/mates-154-1.png\" class=\"wp-block-file__button\" download>Descarga<\/a><\/div>\n\n\n\n<div class=\"wp-block-file\"><a href=\"https:\/\/blogs.smbosque.es\/raullopez\/files\/2020\/03\/mates-154.png\">P\u00e1gina 155 de Mates <\/a><a href=\"https:\/\/blogs.smbosque.es\/raullopez\/files\/2020\/03\/mates-154.png\" class=\"wp-block-file__button\" download>Descarga<\/a><\/div>\n\n\n\n<ul class=\"wp-block-list\"><li>Tambi\u00e9n os ayudar\u00e1 este v\u00eddeo:<\/li><\/ul>\n\n\n\n<figure class=\"wp-block-embed-youtube wp-block-embed is-type-video is-provider-youtube wp-embed-aspect-16-9 wp-has-aspect-ratio\"><div class=\"wp-block-embed__wrapper\">\n<iframe loading=\"lazy\" title=\"Figuras planas: clasificaci\u00f3n de cuadril\u00e1teros\" width=\"640\" height=\"360\" src=\"https:\/\/www.youtube.com\/embed\/tEeSvfvEUu4?feature=oembed\" frameborder=\"0\" allow=\"accelerometer; autoplay; clipboard-write; encrypted-media; gyroscope; picture-in-picture; web-share\" referrerpolicy=\"strict-origin-when-cross-origin\" allowfullscreen><\/iframe>\n<\/div><\/figure>\n\n\n\n<ul class=\"wp-block-list\"><li>Realizad las siguientes actividades en vuestros cuadernos:<\/li><\/ul>\n\n\n\n<div class=\"wp-block-file\"><a href=\"https:\/\/blogs.smbosque.es\/raullopez\/files\/2020\/03\/Tarea-mates-26-03.pdf\">Tarea-mates-26-03<\/a><a href=\"https:\/\/blogs.smbosque.es\/raullopez\/files\/2020\/03\/Tarea-mates-26-03.pdf\" class=\"wp-block-file__button\" download>Descarga<\/a><\/div>\n\n\n\n<ul class=\"wp-block-list\"><li>Y por \u00faltimo, pasad vuestras respuestas a <a rel=\"noreferrer noopener\" aria-label=\"iDoceo (se abre en una nueva pesta\u00f1a)\" href=\"https:\/\/connect.idoceo.net\" target=\"_blank\">iDoceo<\/a>: <a rel=\"noreferrer noopener\" aria-label=\" (se abre en una nueva pesta\u00f1a)\" href=\"https:\/\/connect.idoceo.net\" target=\"_blank\">https:\/\/connect.idoceo.net<\/a><\/li><li>Pin iDoceo Mates:83716<\/li><\/ul>\n\n\n\n<p style=\"background-color:#ff0004\" class=\"has-text-color has-background has-medium-font-size has-black-color\"><strong>LENGUA<\/strong><\/p>\n\n\n\n<ul class=\"wp-block-list\"><li> En lengua nos toca el maravilloso uso de la \u00abg\u00bb.<\/li><li>Id a la p\u00e1gina 164 para saber de qu\u00e9 estamos hablando.<\/li><li>Visualizar estos v\u00eddeos para que os ayuden:<\/li><li><a href=\"https:\/\/www.youtube.com\/watch?v=Bi8AJQ7RLLE\" target=\"_blank\" rel=\"noreferrer noopener\" aria-label=\"Verbos acabados en -ger o -gir. (se abre en una nueva pesta\u00f1a)\">Verbos acabados en -ger o -gir.<\/a><\/li><\/ul>\n\n\n\n<figure class=\"wp-block-embed-youtube wp-block-embed is-type-video is-provider-youtube wp-embed-aspect-4-3 wp-has-aspect-ratio\"><div class=\"wp-block-embed__wrapper\">\n<iframe loading=\"lazy\" title=\"Ortografi\u0301a  verbos acabados en ger o gir\" width=\"640\" height=\"480\" src=\"https:\/\/www.youtube.com\/embed\/Bi8AJQ7RLLE?feature=oembed\" frameborder=\"0\" allow=\"accelerometer; autoplay; clipboard-write; encrypted-media; gyroscope; picture-in-picture; web-share\" referrerpolicy=\"strict-origin-when-cross-origin\" allowfullscreen><\/iframe>\n<\/div><\/figure>\n\n\n\n<ul class=\"wp-block-list\"><li><a href=\"https:\/\/www.youtube.com\/watch?v=hcIU5iU-ZX4\" target=\"_blank\" rel=\"noreferrer noopener\" aria-label=\"Uso de la &quot;G&quot; (se abre en una nueva pesta\u00f1a)\">Uso de la \u00abG\u00bb<\/a>.<\/li><\/ul>\n\n\n\n<figure class=\"wp-block-embed-youtube wp-block-embed is-type-video is-provider-youtube wp-embed-aspect-4-3 wp-has-aspect-ratio\"><div class=\"wp-block-embed__wrapper\">\n<iframe loading=\"lazy\" title=\"Palabras con ge, gi. Lengua, 5\u00ba Primaria. Tema 9\" width=\"640\" height=\"480\" src=\"https:\/\/www.youtube.com\/embed\/hcIU5iU-ZX4?feature=oembed\" frameborder=\"0\" allow=\"accelerometer; autoplay; clipboard-write; encrypted-media; gyroscope; picture-in-picture; web-share\" referrerpolicy=\"strict-origin-when-cross-origin\" allowfullscreen><\/iframe>\n<\/div><\/figure>\n\n\n\n<ul class=\"wp-block-list\"><li>Realizad las siguientes actividades en vuestros cuadernos: &nbsp; <\/li><\/ul>\n\n\n\n<div class=\"wp-block-file\"><a href=\"https:\/\/blogs.smbosque.es\/raullopez\/files\/2020\/03\/Tarea-lengua-26-03-Sin-corregir.pdf\">Tarea-lengua-26-03-Sin-corregir<\/a><a href=\"https:\/\/blogs.smbosque.es\/raullopez\/files\/2020\/03\/Tarea-lengua-26-03-Sin-corregir.pdf\" class=\"wp-block-file__button\" download>Descarga<\/a><\/div>\n\n\n\n<ul class=\"wp-block-list\"><li>Y por \u00faltimo, pasad vuestras respuestas a <a rel=\"noreferrer noopener\" href=\"https:\/\/connect.idoceo.net\/\" target=\"_blank\">iDoceo<\/a>: <a rel=\"noreferrer noopener\" href=\"https:\/\/connect.idoceo.net\/\" target=\"_blank\">https:\/\/connect.idoceo.net<\/a><\/li><li>Pin iDoceo Lengua: 44316<\/li><\/ul>\n\n\n<p><!--EndFragment--><\/p>\n\n\n<p style=\"background-color:#e34ebe\" class=\"has-text-color has-background has-medium-font-size has-black-color\"><strong>SOCIALES<\/strong><\/p>\n\n\n\n<ul class=\"wp-block-list\"><li>\u00bfQu\u00e9 tal vais cavern\u00edcolas? Hoy seguimos viajando y aterrizaremos en el<strong> Neol\u00edtico<\/strong>. <\/li><li>Para ellos leeremos las p\u00e1ginas 94 y 95.<\/li><li>Ver a continuaci\u00f3n cosas curiosas del neol\u00edtico.<\/li><\/ul>\n\n\n\n<figure class=\"wp-block-image size-large\"><img decoding=\"async\" src=\"https:\/\/blogs.smbosque.es\/raullopez\/files\/2020\/03\/hacer-piedras-1024x655.png\" alt=\"\" class=\"wp-image-530\" \/><figcaption>C\u00f3mo hacer tallar piedra.<\/figcaption><\/figure>\n\n\n\n<figure class=\"wp-block-image size-large\"><img decoding=\"async\" src=\"https:\/\/blogs.smbosque.es\/raullopez\/files\/2020\/03\/Neolitico.jpg\" alt=\"\" class=\"wp-image-532\" \/><figcaption>Poblado Neol\u00edtico. La vida sedentaria.<\/figcaption><\/figure>\n\n\n\n<ul class=\"wp-block-list\"><li>Visualizad los siguientes v\u00eddeos:<\/li><li><strong><a rel=\"noreferrer noopener\" aria-label=\"Neol\u00edtico (se abre en una nueva pesta\u00f1a)\" href=\"https:\/\/www.youtube.com\/watch?v=LBi2KLq8Fgs\" target=\"_blank\">Neol\u00edtico<\/a><\/strong><\/li><\/ul>\n\n\n\n<figure class=\"wp-block-embed-youtube wp-block-embed is-type-video is-provider-youtube wp-embed-aspect-16-9 wp-has-aspect-ratio\"><div class=\"wp-block-embed__wrapper\">\n<iframe loading=\"lazy\" title=\"El Neol\u00edtico. V\u00eddeos educativos para ni\u00f1os\" width=\"640\" height=\"360\" src=\"https:\/\/www.youtube.com\/embed\/LBi2KLq8Fgs?feature=oembed\" frameborder=\"0\" allow=\"accelerometer; autoplay; clipboard-write; encrypted-media; gyroscope; picture-in-picture; web-share\" referrerpolicy=\"strict-origin-when-cross-origin\" allowfullscreen><\/iframe>\n<\/div><\/figure>\n\n\n\n<ul class=\"wp-block-list\"><li><strong><a href=\"https:\/\/www.youtube.com\/watch?v=vzgTSyvoXew\" target=\"_blank\" rel=\"noreferrer noopener\" aria-label=\"Explicaci\u00f3n (se abre en una nueva pesta\u00f1a)\">Explicaci\u00f3n<\/a><\/strong><\/li><\/ul>\n\n\n\n<figure class=\"wp-block-embed-youtube wp-block-embed is-type-video is-provider-youtube wp-embed-aspect-4-3 wp-has-aspect-ratio\"><div class=\"wp-block-embed__wrapper\">\n<iframe loading=\"lazy\" title=\"Ciencias Sociales. 4\u00ba Primaria. Tema 7. La prehistoria: el neol\u00edtico\" width=\"640\" height=\"480\" src=\"https:\/\/www.youtube.com\/embed\/vzgTSyvoXew?feature=oembed\" frameborder=\"0\" allow=\"accelerometer; autoplay; clipboard-write; encrypted-media; gyroscope; picture-in-picture; web-share\" referrerpolicy=\"strict-origin-when-cross-origin\" allowfullscreen><\/iframe>\n<\/div><\/figure>\n\n\n\n<ul class=\"wp-block-list\"><li><strong><a href=\"https:\/\/www.youtube.com\/watch?v=aiqBIhdlRS0&amp;feature=youtu.be\" target=\"_blank\" rel=\"noreferrer noopener\" aria-label=\"La vida en el Neol\u00edtico (se abre en una nueva pesta\u00f1a)\">La vida en el Neol\u00edtico<\/a><\/strong><\/li><\/ul>\n\n\n\n<figure class=\"wp-block-embed-youtube wp-block-embed is-type-video is-provider-youtube wp-embed-aspect-4-3 wp-has-aspect-ratio\"><div class=\"wp-block-embed__wrapper\">\n<iframe loading=\"lazy\" title=\"La vida en el Neol\u00edtico\" width=\"640\" height=\"480\" src=\"https:\/\/www.youtube.com\/embed\/aiqBIhdlRS0?feature=oembed\" frameborder=\"0\" allow=\"accelerometer; autoplay; clipboard-write; encrypted-media; gyroscope; picture-in-picture; web-share\" referrerpolicy=\"strict-origin-when-cross-origin\" allowfullscreen><\/iframe>\n<\/div><\/figure>\n\n\n\n<ul class=\"wp-block-list\"><li>Realizad las siguientes actividades en vuestros cuadernos: &nbsp; <\/li><\/ul>\n\n\n\n<div class=\"wp-block-file\"><a href=\"https:\/\/blogs.smbosque.es\/raullopez\/files\/2020\/03\/Tarea-Sociales-Martes-26.03-sin-corregir.pdf\">Tarea-Sociales-Martes-26.03-sin-corregir<\/a><a href=\"https:\/\/blogs.smbosque.es\/raullopez\/files\/2020\/03\/Tarea-Sociales-Martes-26.03-sin-corregir.pdf\" class=\"wp-block-file__button\" download>Descarga<\/a><\/div>\n\n\n\n<ul class=\"wp-block-list\"><li>Y por \u00faltimo, pasad vuestras respuestas a <a rel=\"noreferrer noopener\" href=\"https:\/\/connect.idoceo.net\/\" target=\"_blank\">iDoceo<\/a>: <a rel=\"noreferrer noopener\" href=\"https:\/\/connect.idoceo.net\/\" target=\"_blank\">https:\/\/connect.idoceo.net<\/a><\/li><li>Pin iDoceo Soci: 45575<\/li><\/ul>\n\n\n<p><!--EndFragment--><\/p>","protected":false},"excerpt":{"rendered":"<p>\u00a1\u00a1BUENOS D\u00cdAS FAMILIA!!Otra vez totalmente cierto. Est\u00e1is pudiendo con esta situaci\u00f3n chic@s y demostrando todo lo que val\u00e9is. S\u00daPER ENCANTADOS de tener alumn@s como vostr@s que se lo curran TANT\u00cdSIMO.\u00a1\u00a1Seguid as\u00ed!! MATES Continuamos con los pol\u00edgonos de 4 lados&#8230;\u00a1Exacto, los &hellip; <a href=\"https:\/\/blogs.smbosque.es\/mariagarcia\/2020\/03\/26\/jueves-26-03-2020\/\">Sigue leyendo <span class=\"meta-nav\">&rarr;<\/span><\/a><\/p>\n","protected":false},"author":74,"featured_media":0,"comment_status":"open","ping_status":"open","sticky":false,"template":"","format":"standard","meta":{"footnotes":""},"categories":[1],"tags":[],"class_list":["post-224","post","type-post","status-publish","format-standard","hentry","category-4o-c"],"jetpack_featured_media_url":"","_links":{"self":[{"href":"https:\/\/blogs.smbosque.es\/mariagarcia\/wp-json\/wp\/v2\/posts\/224","targetHints":{"allow":["GET"]}}],"collection":[{"href":"https:\/\/blogs.smbosque.es\/mariagarcia\/wp-json\/wp\/v2\/posts"}],"about":[{"href":"https:\/\/blogs.smbosque.es\/mariagarcia\/wp-json\/wp\/v2\/types\/post"}],"author":[{"embeddable":true,"href":"https:\/\/blogs.smbosque.es\/mariagarcia\/wp-json\/wp\/v2\/users\/74"}],"replies":[{"embeddable":true,"href":"https:\/\/blogs.smbosque.es\/mariagarcia\/wp-json\/wp\/v2\/comments?post=224"}],"version-history":[{"count":2,"href":"https:\/\/blogs.smbosque.es\/mariagarcia\/wp-json\/wp\/v2\/posts\/224\/revisions"}],"predecessor-version":[{"id":227,"href":"https:\/\/blogs.smbosque.es\/mariagarcia\/wp-json\/wp\/v2\/posts\/224\/revisions\/227"}],"wp:attachment":[{"href":"https:\/\/blogs.smbosque.es\/mariagarcia\/wp-json\/wp\/v2\/media?parent=224"}],"wp:term":[{"taxonomy":"category","embeddable":true,"href":"https:\/\/blogs.smbosque.es\/mariagarcia\/wp-json\/wp\/v2\/categories?post=224"},{"taxonomy":"post_tag","embeddable":true,"href":"https:\/\/blogs.smbosque.es\/mariagarcia\/wp-json\/wp\/v2\/tags?post=224"}],"curies":[{"name":"wp","href":"https:\/\/api.w.org\/{rel}","templated":true}]}}