{"id":276,"date":"2020-03-31T08:30:00","date_gmt":"2020-03-31T06:30:00","guid":{"rendered":"http:\/\/blogs.smbosque.es\/mariagarcia\/?p=276"},"modified":"2020-03-31T10:50:36","modified_gmt":"2020-03-31T08:50:36","slug":"martes-31-03-2020","status":"publish","type":"post","link":"https:\/\/blogs.smbosque.es\/mariagarcia\/2020\/03\/31\/martes-31-03-2020\/","title":{"rendered":"Martes 31\/03\/2020"},"content":{"rendered":"\n<div class=\"wp-block-media-text alignwide\" style=\"grid-template-columns:48% auto\"><figure class=\"wp-block-media-text__media\"><img decoding=\"async\" src=\"https:\/\/blogs.smbosque.es\/raullopez\/files\/2020\/03\/cartel-martes.jpg\" alt=\"\" class=\"wp-image-756\" \/><\/figure><div class=\"wp-block-media-text__content\">\n<p style=\"background-color:#a30003;color:#00ffea\" class=\"has-text-color has-background has-medium-font-size\"><strong>\u00a1BUENOS D\u00cdAS FAMILIA!<br><\/strong>\u00bfC\u00f3mo van esos \u00e1nimos? Espero que todos perfectos y que nunca pens\u00e9is en parar. Se me ha olvidado \u00faltimamente deciros que&#8230; sois unos <strong>CRACKS!!!!<\/strong><\/p>\n<\/div><\/div>\n\n\n<p><!--StartFragment--><\/p>\n\n\n<figure class=\"wp-block-audio\"><audio controls src=\"https:\/\/blogs.smbosque.es\/raullopez\/files\/2020\/03\/Martes.macaco-seguiremos-videoclip-oficial-instagram-at-xuckiie.mp3\"><\/audio><figcaption>Seguiremos &#8211; Macaco<\/figcaption><\/figure>\n\n\n\n<p class=\"has-text-color has-background has-black-color has-light-gray-background-color\">Os dejamos el videoclip de la canci\u00f3n, es en lengua de signos. A ver si alguno nos da una alegr\u00eda y se anima a intentar hacer una parte. <strong>\u00a1Seguro sois capaces!<\/strong><br><a rel=\"noreferrer noopener\" aria-label=\" (se abre en una nueva pesta\u00f1a)\" href=\"https:\/\/www.youtube.com\/watch?v=lWLhL7dF2qE\" target=\"_blank\">https:\/\/www.youtube.com\/watch?v=lWLhL7dF2qE<\/a><\/p>\n\n\n\n<p class=\"has-text-color has-background has-white-color has-black-background-color\">ANTES DE EMPEZAR<\/p>\n\n\n\n<p class=\"has-text-color has-background has-black-color has-light-gray-background-color\">Antes de comenzar con la tarea de hoy nos gustar\u00eda hacer una aclaraci\u00f3n respecto al examen de ayer.  <\/p>\n\n\n\n<p class=\"has-text-color has-background has-black-color has-light-gray-background-color\">No os agobi\u00e9is ni os preocup\u00e9is, de verdad, la situaci\u00f3n es excepcional y estamos trabajando de una manera extraordinaria para \u201cseguir\u201d de alguna manera con la actividad acad\u00e9mica. <br>Dicho examen, prueba, test, evaluaci\u00f3n o como quer\u00e1is llamarlo es m\u00e1s bien para nosotros, para ver como se est\u00e1n asimilando los contenidos (trabajando de esta manera), d\u00f3nde hay m\u00e1s dificultades, qu\u00e9 tenemos que reforzar a la \u201cvuelta a la normalidad\u201d, etc. <br>L\u00f3gicamente hubo muchas dudas, dificultades y actividades que a lo mejor no se entend\u00edan o que no se sab\u00edan hacer: es normal. <\/p>\n\n\n\n<p class=\"has-text-color has-background has-black-color has-light-gray-background-color\">Tambi\u00e9n nos gustar\u00eda que nos escribieseis al correo cuando algo no se entienda o haya dificultades en alguna cosa y de esta forma podemos dar \u201cayuda\u201d e intentar resolver las posibles dudas. <\/p>\n\n\n\n<p class=\"has-text-color has-background has-medium-font-size has-black-color has-blue-background-color\"><strong>MATES<\/strong><\/p>\n\n\n\n<ul class=\"wp-block-list\"><li>Continuamos con el tema 9. Hoy vamos a ver lo que es el PER\u00cdMETRO de un pol\u00edgono.<\/li><li> Nos situamos en la p\u00e1gina 156. Aqu\u00ed la ten\u00e9is:<\/li><\/ul>\n\n\n\n<div class=\"wp-block-file\"><a href=\"https:\/\/blogs.smbosque.es\/raullopez\/files\/2020\/03\/156.png\">Mates p\u00e1gina 156<\/a><a href=\"https:\/\/blogs.smbosque.es\/raullopez\/files\/2020\/03\/156.png\" class=\"wp-block-file__button\" download>Descarga<\/a><\/div>\n\n\n\n<ul class=\"wp-block-list\"><li>Como pod\u00e9is ver, <strong>\u201cEl per\u00edmetro de un pol\u00edgono es la suma de las longitudes de sus lados\u201d. <\/strong><br>Para hallarlo en cualquier pol\u00edgono ten\u00e9is que <em>medir sus lados<\/em>, <em>sumarlos todos<\/em> y el resultado ser\u00e1 su per\u00edmetro, f\u00e1cil, \u00bfverdad? <br>En el ejemplo que viene en el libro se expresar\u00eda as\u00ed: <\/li><\/ul>\n\n\n\n<p>p\n= 7 cm + 5 cm + 6 cm = 18 cm<\/p>\n\n\n\n<p>P\n= 18 cm<\/p>\n\n\n\n<ul class=\"wp-block-list\"><li>Recordad que si el pol\u00edgono es regular, todos sus lados miden lo mismo. <br>Esto nos ayudar\u00e1 a la hora de calcular su per\u00edmetro.<\/li><li>Vamos con las actividades, aqu\u00ed ten\u00e9is el archivo: &nbsp;\u201cArchivo\u201d<\/li><\/ul>\n\n\n\n<div class=\"wp-block-file\"><a href=\"https:\/\/blogs.smbosque.es\/raullopez\/files\/2020\/03\/Ejercicios-mates-31-03.pdf\">Ejercicios-mates-31-03<\/a><a href=\"https:\/\/blogs.smbosque.es\/raullopez\/files\/2020\/03\/Ejercicios-mates-31-03.pdf\" class=\"wp-block-file__button\" download><\/a><\/div>\n\n\n\n<ul class=\"wp-block-list\"><li>Y por \u00faltimo, pasad vuestras respuestas a <a rel=\"noreferrer noopener\" aria-label=\"iDoceo (se abre en una nueva pesta\u00f1a)\" href=\"https:\/\/connect.idoceo.net\" target=\"_blank\">iDoceo<\/a>: <a rel=\"noreferrer noopener\" aria-label=\"https:\/\/connect.idoceo.net (se abre en una nueva pesta\u00f1a)\" href=\"https:\/\/connect.idoceo.net\" target=\"_blank\">https:\/\/connect.idoceo.net<\/a><\/li><li><strong>Pin iDoceo Mates: <\/strong>13421<\/li><\/ul>\n\n\n\n<p style=\"background-color:#ff0004\" class=\"has-background has-medium-font-size\"><strong>LENGUA<\/strong><\/p>\n\n\n\n<ul class=\"wp-block-list\"><li>Bueno, hoy y ma\u00f1ana vamos a hacer un repaso de los temas anteriores (sobre todo tema 8) que nos sirva de repaso para el examen del jueves. <\/li><li>Intentad hacerlo sin ayuda del libro, pero si algo no lo sab\u00e9is ni pensando un rato\u2026 consultadlo.<\/li><li> Y al final, por favor, repasad todas aquellas repuestas que teng\u00e1is mal o si ten\u00e9is dudas, os pod\u00e9is apoyar en el libro de texto y en los v\u00eddeos de las entradas anteriores del Blog. <\/li><li>S\u00e9 que os estamos pidiendo mucho pero as\u00ed es como conseguimos aprender.<\/li><\/ul>\n\n\n\n<div class=\"wp-block-file\"><a href=\"https:\/\/blogs.smbosque.es\/raullopez\/files\/2020\/03\/Tarea-lengua-31-03.pdf\">Tarea-lengua-31-03<\/a><a href=\"https:\/\/blogs.smbosque.es\/raullopez\/files\/2020\/03\/Tarea-lengua-31-03.pdf\" class=\"wp-block-file__button\" download>Descarga<\/a><\/div>\n\n\n\n<ul class=\"wp-block-list\"><li>Y por \u00faltimo, pasad vuestras respuestas a <a rel=\"noreferrer noopener\" href=\"https:\/\/connect.idoceo.net\/\" target=\"_blank\">iDoceo<\/a>: <a rel=\"noreferrer noopener\" href=\"https:\/\/connect.idoceo.net\/\" target=\"_blank\">https:\/\/connect.idoceo.net<\/a><\/li><li><strong>Pin iDoceo Lengua: <\/strong>56851<\/li><\/ul>\n\n\n<p><!--EndFragment--><\/p>\n\n\n<p style=\"background-color:#ff00fb\" class=\"has-text-color has-background has-medium-font-size has-black-color\"><strong>SOCI<\/strong><\/p>\n\n\n\n<ul class=\"wp-block-list\"><li>Seguimos viajado por el tiempo\u2026. Esta vez hemos ido a parar a la <strong>edad de los metales.<\/strong><\/li><\/ul>\n\n\n\n<figure class=\"wp-block-image size-large\"><img decoding=\"async\" src=\"https:\/\/blogs.smbosque.es\/raullopez\/files\/2020\/03\/martes-1024x783.jpeg\" alt=\"\" class=\"wp-image-676\" \/><figcaption>Aldea de la Edad de los Metales<\/figcaption><\/figure>\n\n\n\n<ul class=\"wp-block-list\"><li>Leer y subrayar las p\u00e1ginas 96 y 97.<\/li><li>Visualizar los siguientes v\u00eddeos.<br><strong>La edad de los metales.<\/strong><\/li><\/ul>\n\n\n\n<figure class=\"wp-block-embed-youtube wp-block-embed is-type-video is-provider-youtube wp-embed-aspect-16-9 wp-has-aspect-ratio\"><div class=\"wp-block-embed__wrapper\">\n<iframe loading=\"lazy\" title=\"La Edad de los Metales  | V\u00eddeos Educativos para Ni\u00f1os\" width=\"640\" height=\"360\" src=\"https:\/\/www.youtube.com\/embed\/v6Uz3fq7KK4?feature=oembed\" frameborder=\"0\" allow=\"accelerometer; autoplay; clipboard-write; encrypted-media; gyroscope; picture-in-picture; web-share\" referrerpolicy=\"strict-origin-when-cross-origin\" allowfullscreen><\/iframe>\n<\/div><\/figure>\n\n\n\n<p><strong>La Edad de los Metales &#8211; 5 cosas que deber\u00edas saber &#8211; Historia para ni\u00f1os<\/strong><\/p>\n\n\n\n<figure class=\"wp-block-embed-youtube wp-block-embed is-type-video is-provider-youtube wp-embed-aspect-16-9 wp-has-aspect-ratio\"><div class=\"wp-block-embed__wrapper\">\n<iframe loading=\"lazy\" title=\"La Edad de los Metales - 5 cosas que deber\u00edas saber - Historia para ni\u00f1os\" width=\"640\" height=\"360\" src=\"https:\/\/www.youtube.com\/embed\/Rw-5z5ZsTMU?feature=oembed\" frameborder=\"0\" allow=\"accelerometer; autoplay; clipboard-write; encrypted-media; gyroscope; picture-in-picture; web-share\" referrerpolicy=\"strict-origin-when-cross-origin\" allowfullscreen><\/iframe>\n<\/div><\/figure>\n\n\n\n<div class=\"wp-block-file\"><a href=\"https:\/\/blogs.smbosque.es\/raullopez\/files\/2020\/03\/Tarea-sociales-31-03.pdf\">Tarea-sociales-31-03<\/a><a href=\"https:\/\/blogs.smbosque.es\/raullopez\/files\/2020\/03\/Tarea-sociales-31-03.pdf\" class=\"wp-block-file__button\" download>Descarga<\/a><\/div>\n\n\n\n<ul class=\"wp-block-list\"><li>Preguntas en<a rel=\"noreferrer noopener\" aria-label=\" Idoceo (se abre en una nueva pesta\u00f1a)\" href=\"https:\/\/connect.idoceo.net\/\" target=\"_blank\"> Idoceo<\/a>:  <a rel=\"noreferrer noopener\" aria-label=\" (se abre en una nueva pesta\u00f1a)\" href=\"https:\/\/connect.idoceo.net\/\" target=\"_blank\">https:\/\/connect.idoceo.net\/<\/a> <br><strong>PIN Soci: <\/strong>85286<\/li><\/ul>\n\n\n\n<figure class=\"wp-block-gallery columns-3 is-cropped wp-block-gallery-1 is-layout-flex wp-block-gallery-is-layout-flex\"><ul class=\"blocks-gallery-grid\"><li class=\"blocks-gallery-item\"><figure><img decoding=\"async\" src=\"https:\/\/blogs.smbosque.es\/raullopez\/files\/2020\/03\/029chiste-evolucion.jpg\" alt=\"\" data-id=\"768\" data-full-url=\"https:\/\/blogs.smbosque.es\/raullopez\/files\/2020\/03\/029chiste-evolucion.jpg\" data-link=\"https:\/\/blogs.smbosque.es\/raullopez\/?attachment_id=768\" class=\"wp-image-768\" \/><\/figure><\/li><li class=\"blocks-gallery-item\"><figure><img decoding=\"async\" src=\"https:\/\/blogs.smbosque.es\/raullopez\/files\/2020\/03\/chistes-ilustrados.jpg\" alt=\"\" data-id=\"769\" data-full-url=\"https:\/\/blogs.smbosque.es\/raullopez\/files\/2020\/03\/chistes-ilustrados.jpg\" data-link=\"https:\/\/blogs.smbosque.es\/raullopez\/?attachment_id=769\" class=\"wp-image-769\" \/><\/figure><\/li><li class=\"blocks-gallery-item\"><figure><img decoding=\"async\" src=\"https:\/\/blogs.smbosque.es\/raullopez\/files\/2020\/03\/mateschiste.jpg\" alt=\"\" data-id=\"770\" data-full-url=\"https:\/\/blogs.smbosque.es\/raullopez\/files\/2020\/03\/mateschiste.jpg\" data-link=\"https:\/\/blogs.smbosque.es\/raullopez\/?attachment_id=770\" class=\"wp-image-770\" \/><\/figure><\/li><\/ul><figcaption class=\"blocks-gallery-caption\">Os dejamos con unos chistes para animar&#8230; la Historia. XDXD<\/figcaption><\/figure>\n\n\n<p><!--EndFragment--><\/p>","protected":false},"excerpt":{"rendered":"<p>\u00a1BUENOS D\u00cdAS FAMILIA!\u00bfC\u00f3mo van esos \u00e1nimos? Espero que todos perfectos y que nunca pens\u00e9is en parar. Se me ha olvidado \u00faltimamente deciros que&#8230; sois unos CRACKS!!!! Os dejamos el videoclip de la canci\u00f3n, es en lengua de signos. A ver &hellip; <a href=\"https:\/\/blogs.smbosque.es\/mariagarcia\/2020\/03\/31\/martes-31-03-2020\/\">Sigue leyendo <span class=\"meta-nav\">&rarr;<\/span><\/a><\/p>\n","protected":false},"author":74,"featured_media":0,"comment_status":"open","ping_status":"open","sticky":false,"template":"","format":"standard","meta":{"footnotes":""},"categories":[1],"tags":[],"class_list":["post-276","post","type-post","status-publish","format-standard","hentry","category-4o-c"],"jetpack_featured_media_url":"","_links":{"self":[{"href":"https:\/\/blogs.smbosque.es\/mariagarcia\/wp-json\/wp\/v2\/posts\/276","targetHints":{"allow":["GET"]}}],"collection":[{"href":"https:\/\/blogs.smbosque.es\/mariagarcia\/wp-json\/wp\/v2\/posts"}],"about":[{"href":"https:\/\/blogs.smbosque.es\/mariagarcia\/wp-json\/wp\/v2\/types\/post"}],"author":[{"embeddable":true,"href":"https:\/\/blogs.smbosque.es\/mariagarcia\/wp-json\/wp\/v2\/users\/74"}],"replies":[{"embeddable":true,"href":"https:\/\/blogs.smbosque.es\/mariagarcia\/wp-json\/wp\/v2\/comments?post=276"}],"version-history":[{"count":3,"href":"https:\/\/blogs.smbosque.es\/mariagarcia\/wp-json\/wp\/v2\/posts\/276\/revisions"}],"predecessor-version":[{"id":291,"href":"https:\/\/blogs.smbosque.es\/mariagarcia\/wp-json\/wp\/v2\/posts\/276\/revisions\/291"}],"wp:attachment":[{"href":"https:\/\/blogs.smbosque.es\/mariagarcia\/wp-json\/wp\/v2\/media?parent=276"}],"wp:term":[{"taxonomy":"category","embeddable":true,"href":"https:\/\/blogs.smbosque.es\/mariagarcia\/wp-json\/wp\/v2\/categories?post=276"},{"taxonomy":"post_tag","embeddable":true,"href":"https:\/\/blogs.smbosque.es\/mariagarcia\/wp-json\/wp\/v2\/tags?post=276"}],"curies":[{"name":"wp","href":"https:\/\/api.w.org\/{rel}","templated":true}]}}