{"id":106,"date":"2019-02-21T14:44:47","date_gmt":"2019-02-21T14:44:47","guid":{"rendered":"http:\/\/blogs.smbosque.es\/queveryhacerenroma\/?p=106"},"modified":"2019-02-21T14:44:47","modified_gmt":"2019-02-21T14:44:47","slug":"termas-de-caracalla","status":"publish","type":"post","link":"https:\/\/blogs.smbosque.es\/queveryhacerenroma\/2019\/02\/21\/termas-de-caracalla\/","title":{"rendered":"Termas de Caracalla"},"content":{"rendered":"<p>&nbsp;<\/p>\n<p><img loading=\"lazy\" decoding=\"async\" class=\"alignnone size-medium wp-image-107\" src=\"https:\/\/blogs.smbosque.es\/queveryhacerenroma\/files\/2019\/02\/untitled-300x168.png\" alt=\"\" width=\"300\" height=\"168\" \/><\/p>\n<p><strong><span style=\"color: #00ffff\">Las Termas de Caracalla se construyeron un siglo despu\u00e9s, y resultaron las m\u00e1s suntuosas jam\u00e1s construidas, revestidas de m\u00e1rmoles preciosos y adornadas con gran cantidad de obras de arte. Se inauguraron el a\u00f1o 216, durante el reinado de Marco Aurelio Antonino Bassiano, llamado Caracalla. Antes de terminar el siglo Diocleciano levant\u00f3 el \u00faltimo gran complejo termal, a\u00fan m\u00e1s grande que el de Caracalla, pero no m\u00e1s espl\u00e9ndido.<\/span><\/strong><br \/>\n<strong><span style=\"color: #00ffff\">Las Termas de Caracalla permanecieron en uso m\u00e1s de trescientos a\u00f1os, y fueron abandonadas definitivamente hacia el 537, cuando los b\u00e1rbaros destruyeron los acueductos que las alimentaban para tomar la ciudad.<\/span><\/strong><br \/>\n<strong><span style=\"color: #00ffff\">\u00bfD\u00f3nde se encuentran?<\/span><\/strong><br \/>\n<strong><span style=\"color: #00ffff\">Se encuentran en el Viale delle Terme di Caracalla. Metro Circo Massimo, Roma, Italia.<\/span><\/strong><\/p>\n<p><strong><span style=\"color: #00ffff\">Precios<\/span><\/strong><br \/>\n<strong><span style=\"color: #00ffff\">Entrada adultos 8\u20ac. (4\u20ac Entrada reducida).<\/span><\/strong><br \/>\n<strong><span style=\"color: #00ffff\">Ciudadanos de la UE entre 18 y 24 a\u00f1os pagan medio billete.<\/span><\/strong><br \/>\n<strong><span style=\"color: #00ffff\">Para los ciudadanos de la Uni\u00f3n Europea menores de 17 y mayores de 65 a\u00f1os la entrada es gratis.<\/span><\/strong><\/p>\n<p><strong><span style=\"color: #00ffff\">Horarios<\/span><\/strong><br \/>\n<strong><span style=\"color: #00ffff\">Las Termas de Caracalla abren a las 9:00 horas. La hora de cierre depende de la \u00e9poca del a\u00f1o:<\/span><\/strong><\/p>\n<p><strong><span style=\"color: #00ffff\">\u2022 Del 2 de enero al 15 de febrero y del \u00faltimo domingo de octubre al 31 de diciembre: cierra a las 16:30 horas.<\/span><\/strong><br \/>\n<strong><span style=\"color: #00ffff\">\u2022 A partir del 16 de febrero hasta el 15 de marzo: cierra a las 17:00 horas.<\/span><\/strong><br \/>\n<strong><span style=\"color: #00ffff\">\u2022 Del \u00faltimo domingo de marzo hasta el 31 de agosto: cierra a las 19:15 horas.<\/span><\/strong><br \/>\n<strong><span style=\"color: #00ffff\">\u2022 Todo el mes de septiembre: cierra a las 19:00 horas.<\/span><\/strong><br \/>\n<strong><span style=\"color: #00ffff\">\u2022 Desde el 1 de octubre hasta el \u00faltimo s\u00e1bado de octubre: cierra a las 18:30 horas.<\/span><\/strong><\/p>\n<p><strong><span style=\"color: #00ffff\">Covadonga Blanco<\/span><\/strong><\/p>\n","protected":false},"excerpt":{"rendered":"<p>&nbsp; Las Termas de Caracalla se construyeron un siglo despu\u00e9s, y resultaron las m\u00e1s suntuosas jam\u00e1s construidas, revestidas de m\u00e1rmoles preciosos y adornadas con gran cantidad de obras de arte. Se inauguraron el a\u00f1o 216, durante el reinado de Marco Aurelio Antonino Bassiano, llamado Caracalla. Antes de terminar el siglo Diocleciano levant\u00f3 el \u00faltimo gran &hellip; <a href=\"https:\/\/blogs.smbosque.es\/queveryhacerenroma\/2019\/02\/21\/termas-de-caracalla\/\">Seguir leyendo <span class=\"meta-nav\">&rarr;<\/span><\/a><\/p>\n","protected":false},"author":66,"featured_media":0,"comment_status":"open","ping_status":"open","sticky":false,"template":"","format":"standard","meta":{"footnotes":""},"categories":[2,7],"tags":[],"class_list":["post-106","post","type-post","status-publish","format-standard","hentry","category-que-ver-en-roma","category-arte-clasico"],"jetpack_featured_media_url":"","_links":{"self":[{"href":"https:\/\/blogs.smbosque.es\/queveryhacerenroma\/wp-json\/wp\/v2\/posts\/106","targetHints":{"allow":["GET"]}}],"collection":[{"href":"https:\/\/blogs.smbosque.es\/queveryhacerenroma\/wp-json\/wp\/v2\/posts"}],"about":[{"href":"https:\/\/blogs.smbosque.es\/queveryhacerenroma\/wp-json\/wp\/v2\/types\/post"}],"author":[{"embeddable":true,"href":"https:\/\/blogs.smbosque.es\/queveryhacerenroma\/wp-json\/wp\/v2\/users\/66"}],"replies":[{"embeddable":true,"href":"https:\/\/blogs.smbosque.es\/queveryhacerenroma\/wp-json\/wp\/v2\/comments?post=106"}],"version-history":[{"count":1,"href":"https:\/\/blogs.smbosque.es\/queveryhacerenroma\/wp-json\/wp\/v2\/posts\/106\/revisions"}],"predecessor-version":[{"id":108,"href":"https:\/\/blogs.smbosque.es\/queveryhacerenroma\/wp-json\/wp\/v2\/posts\/106\/revisions\/108"}],"wp:attachment":[{"href":"https:\/\/blogs.smbosque.es\/queveryhacerenroma\/wp-json\/wp\/v2\/media?parent=106"}],"wp:term":[{"taxonomy":"category","embeddable":true,"href":"https:\/\/blogs.smbosque.es\/queveryhacerenroma\/wp-json\/wp\/v2\/categories?post=106"},{"taxonomy":"post_tag","embeddable":true,"href":"https:\/\/blogs.smbosque.es\/queveryhacerenroma\/wp-json\/wp\/v2\/tags?post=106"}],"curies":[{"name":"wp","href":"https:\/\/api.w.org\/{rel}","templated":true}]}}