{"id":69,"date":"2019-02-18T18:06:50","date_gmt":"2019-02-18T18:06:50","guid":{"rendered":"http:\/\/blogs.smbosque.es\/queveryhacerenroma\/?p=69"},"modified":"2019-02-21T14:36:50","modified_gmt":"2019-02-21T14:36:50","slug":"museo-del-vaticano","status":"publish","type":"post","link":"https:\/\/blogs.smbosque.es\/queveryhacerenroma\/2019\/02\/18\/museo-del-vaticano\/","title":{"rendered":"Museo del Vaticano"},"content":{"rendered":"<p><strong><span style=\"color: #ffff00\">Los Museos Vaticanos son las galer\u00edas y el conjunto de estancias de valor art\u00edstico propiedad de la iglesia y accesibles al p\u00fablico en la Ciudad del Vaticano. Muestran obras de una extensa colecci\u00f3n de la iglesia cat\u00f3lica. Su base fundacional fue la colecci\u00f3n privada de julio , que fue elegido papa en el a\u00f1o 1503; m\u00e1s tarde otros papas han ido aumentando las extensas colecciones de que constan estos museos. Este conjunto de museos se compone de diferentes edificios de museos tem\u00e1ticos, edificios pontificios, galer\u00edas, monumentos y jardines. A este conjunto de edificios tambi\u00e9n pertenece la biblioteca Vaticana, una de las mejores del mundo.<\/span><\/strong><\/p>\n<p><img loading=\"lazy\" decoding=\"async\" class=\"alignnone size-full wp-image-70\" src=\"https:\/\/blogs.smbosque.es\/queveryhacerenroma\/files\/2019\/02\/275px-Rome_Vatican_Museums.jpg\" alt=\"\" width=\"275\" height=\"206\" \/><\/p>\n<p><strong><span style=\"color: #ffff00\">UBICACI\u00d3N: El museo del Vaticano se encuentra en la calle Viale Vaticano ,51<\/span><\/strong><br \/>\n<strong><span style=\"color: #ffff00\">-HORARIO: De lunes a s\u00e1bado de 9:00 a 18:00 hora (\u00faltimo acceso 16:00).<\/span><\/strong><br \/>\n<strong><span style=\"color: #ffff00\">\u00daltimo domingo de mes de 9:00 a 14:00 horas (\u00faltimo acceso 12:30), resto de domingos cerrado.<\/span><\/strong><br \/>\n<strong><span style=\"color: #ffff00\">Cerrado 1 y 6 de enero, 11 de febrero, 19 de marzo, 12 y 13 de abril, 1 y 21 de mayo, 11 y 29 de junio, 15 de agosto, 8, 25 y 26 de diciembre.<\/span><\/strong><br \/>\n<strong><span style=\"color: #ffff00\">Precio<\/span><\/strong><br \/>\n<strong><span style=\"color: #ffff00\">Adultos: 16\u20ac.<\/span><\/strong><br \/>\n<strong><span style=\"color: #ffff00\">Ni\u00f1os de 6 a 18 a\u00f1os y estudiantes entre 19 y 26 a\u00f1os: 8\u20ac.<\/span><\/strong><br \/>\n<strong><span style=\"color: #ffff00\">El \u00faltimo domingo de cada mes es gratuito.<\/span><\/strong><br \/>\n<strong><span style=\"color: #ffff00\">Visita guiada por el Vaticano 9 \u20ac<\/span><\/strong><br \/>\n<strong><span style=\"color: #ffff00\">Transporte<\/span><\/strong><br \/>\n<strong><span style=\"color: #ffff00\">Metro: Cipro-Musei Vaticani, l\u00ednea A (naranja)<\/span><\/strong><br \/>\n<strong><span style=\"color: #ffff00\">Lugares pr\u00f3ximos<\/span><\/strong><br \/>\n<strong><span style=\"color: #ffff00\">El Vaticano (405 m)Capilla Sixtina (432 m)Bas\u00edlica de San Pedro (521 m)Plaza de San Pedro (584 m)Castillo de Sant&#8217;Angelo (1.1 km)<\/span><\/strong><\/p>\n<p><strong><span style=\"color: #ffff00\">Laura Serrano<\/span><\/strong><\/p>\n<p><img loading=\"lazy\" decoding=\"async\" class=\"alignnone size-medium wp-image-71\" src=\"https:\/\/blogs.smbosque.es\/queveryhacerenroma\/files\/2019\/02\/700px-Vaticano_-_Cortile_della_Pigna_1163-5-300x91.jpg\" alt=\"\" width=\"300\" height=\"91\" srcset=\"https:\/\/blogs.smbosque.es\/queveryhacerenroma\/files\/2019\/02\/700px-Vaticano_-_Cortile_della_Pigna_1163-5-300x91.jpg 300w, https:\/\/blogs.smbosque.es\/queveryhacerenroma\/files\/2019\/02\/700px-Vaticano_-_Cortile_della_Pigna_1163-5.jpg 700w\" sizes=\"auto, (max-width: 300px) 100vw, 300px\" \/><\/p>\n","protected":false},"excerpt":{"rendered":"<p>Los Museos Vaticanos son las galer\u00edas y el conjunto de estancias de valor art\u00edstico propiedad de la iglesia y accesibles al p\u00fablico en la Ciudad del Vaticano. Muestran obras de una extensa colecci\u00f3n de la iglesia cat\u00f3lica. Su base fundacional fue la colecci\u00f3n privada de julio , que fue elegido papa en el a\u00f1o 1503; &hellip; <a href=\"https:\/\/blogs.smbosque.es\/queveryhacerenroma\/2019\/02\/18\/museo-del-vaticano\/\">Seguir leyendo <span class=\"meta-nav\">&rarr;<\/span><\/a><\/p>\n","protected":false},"author":66,"featured_media":0,"comment_status":"open","ping_status":"open","sticky":false,"template":"","format":"standard","meta":{"footnotes":""},"categories":[2,12],"tags":[],"class_list":["post-69","post","type-post","status-publish","format-standard","hentry","category-que-ver-en-roma","category-museos"],"jetpack_featured_media_url":"","_links":{"self":[{"href":"https:\/\/blogs.smbosque.es\/queveryhacerenroma\/wp-json\/wp\/v2\/posts\/69","targetHints":{"allow":["GET"]}}],"collection":[{"href":"https:\/\/blogs.smbosque.es\/queveryhacerenroma\/wp-json\/wp\/v2\/posts"}],"about":[{"href":"https:\/\/blogs.smbosque.es\/queveryhacerenroma\/wp-json\/wp\/v2\/types\/post"}],"author":[{"embeddable":true,"href":"https:\/\/blogs.smbosque.es\/queveryhacerenroma\/wp-json\/wp\/v2\/users\/66"}],"replies":[{"embeddable":true,"href":"https:\/\/blogs.smbosque.es\/queveryhacerenroma\/wp-json\/wp\/v2\/comments?post=69"}],"version-history":[{"count":3,"href":"https:\/\/blogs.smbosque.es\/queveryhacerenroma\/wp-json\/wp\/v2\/posts\/69\/revisions"}],"predecessor-version":[{"id":104,"href":"https:\/\/blogs.smbosque.es\/queveryhacerenroma\/wp-json\/wp\/v2\/posts\/69\/revisions\/104"}],"wp:attachment":[{"href":"https:\/\/blogs.smbosque.es\/queveryhacerenroma\/wp-json\/wp\/v2\/media?parent=69"}],"wp:term":[{"taxonomy":"category","embeddable":true,"href":"https:\/\/blogs.smbosque.es\/queveryhacerenroma\/wp-json\/wp\/v2\/categories?post=69"},{"taxonomy":"post_tag","embeddable":true,"href":"https:\/\/blogs.smbosque.es\/queveryhacerenroma\/wp-json\/wp\/v2\/tags?post=69"}],"curies":[{"name":"wp","href":"https:\/\/api.w.org\/{rel}","templated":true}]}}