{"id":73,"date":"2019-02-18T18:09:00","date_gmt":"2019-02-18T18:09:00","guid":{"rendered":"http:\/\/blogs.smbosque.es\/queveryhacerenroma\/?p=73"},"modified":"2019-02-21T14:38:18","modified_gmt":"2019-02-21T14:38:18","slug":"museo-dellara-pacis","status":"publish","type":"post","link":"https:\/\/blogs.smbosque.es\/queveryhacerenroma\/2019\/02\/18\/museo-dellara-pacis\/","title":{"rendered":"MUSEO DELL\u00b4ARA PACIS"},"content":{"rendered":"<p><strong><span style=\"color: #ffff00\">Dise\u00f1ado por el arquitecto estadounidense Richard Meier y construido en acero, travertino , vidrio y yeso, el museo es la primera gran intervenci\u00f3n arquitect\u00f3nica y urbana en el centro hist\u00f3rico de Roma desde la era fascista . [1] Es una estructura con una naturaleza triunfal, que alude claramente al estilo de la Roma imperial. Las amplias superficies acristaladas permiten al espectador admirar el Ara Pacis con condiciones de iluminaci\u00f3n uniformes.<\/span><\/strong><br \/>\n<strong><span style=\"color: #ffff00\">El Museo del Ara Pacis (en italiano: Museo dell&#8217;Ara Pacis) pertenece al Sistema dei Musei en Comune de Roma ( Italia ); alberga el Ara Pacis de Augusto , un antiguo monumento que se inaugur\u00f3 inicialmente el 30 de enero del 9 a.C.<\/span><\/strong><\/p>\n<p><strong><span style=\"color: #ffff00\">El Ara Pacis en la actualidad<\/span><\/strong><br \/>\n<strong><span style=\"color: #ffff00\">Aunque el Ara Pacis es uno de los monumentos m\u00e1s significativos de la Antigua Roma, es el \u00fanico elemento que se expone en el interior del museo y la entrada resulta inusualmente cara. Lo m\u00e1s recomendable es echar un vistazo del altar desde el exterior, dado que el edificio que le proteje es de cristal.<\/span><\/strong><\/p>\n<p><strong><span style=\"color: #ffff00\"><img loading=\"lazy\" decoding=\"async\" class=\"alignnone size-full wp-image-74\" src=\"https:\/\/blogs.smbosque.es\/queveryhacerenroma\/files\/2019\/02\/images-7.jpeg\" alt=\"\" width=\"228\" height=\"131\" \/><\/span><\/strong><br \/>\n<strong><span style=\"color: #ffff00\">Ubicaci\u00f3n<\/span><\/strong><br \/>\n<strong><span style=\"color: #ffff00\">Lungotevere en Augusta. Junto a la Piazza Augusto Imperatore.<\/span><\/strong><\/p>\n<p><strong><span style=\"color: #ffff00\">Horario<\/span><\/strong><br \/>\n<strong><span style=\"color: #ffff00\">De martes a domingo: de 9:00 a 19:00 horas.<\/span><\/strong><\/p>\n<p><strong><span style=\"color: #ffff00\">Precio<\/span><\/strong><br \/>\n<strong><span style=\"color: #ffff00\">Adultos: 8,50\u20ac.<\/span><\/strong><br \/>\n<strong><span style=\"color: #ffff00\">Ciudadanos de la UE entre 18 y 24 a\u00f1os: 6,50\u20ac.<\/span><\/strong><br \/>\n<strong><span style=\"color: #ffff00\">Transporte<\/span><\/strong><br \/>\n<strong><span style=\"color: #ffff00\">Autob\u00fas: l\u00edneas 70, 81, 117, 119, 186 y 628.<\/span><\/strong><br \/>\n<strong><span style=\"color: #ffff00\">Lugares pr\u00f3ximos<\/span><\/strong><br \/>\n<strong><span style=\"color: #ffff00\">Plaza del Popolo (499 m)Plaza de Espa\u00f1a (563 m)Casa Keats-Shelley (583 m)Iglesia de Santa Mar\u00eda del Popolo (590 m)Palacio Altemps (599 m<\/span><\/strong><\/p>\n<p><img loading=\"lazy\" decoding=\"async\" class=\"alignnone size-medium wp-image-75\" src=\"https:\/\/blogs.smbosque.es\/queveryhacerenroma\/files\/2019\/02\/Screenshot-at-2019-02-18-15_22_34-300x217.png\" alt=\"\" width=\"300\" height=\"217\" srcset=\"https:\/\/blogs.smbosque.es\/queveryhacerenroma\/files\/2019\/02\/Screenshot-at-2019-02-18-15_22_34-300x217.png 300w, https:\/\/blogs.smbosque.es\/queveryhacerenroma\/files\/2019\/02\/Screenshot-at-2019-02-18-15_22_34.png 454w\" sizes=\"auto, (max-width: 300px) 100vw, 300px\" \/><\/p>\n<p><strong><span style=\"color: #ffff00\">Laura Serrano<\/span><\/strong><\/p>\n","protected":false},"excerpt":{"rendered":"<p>Dise\u00f1ado por el arquitecto estadounidense Richard Meier y construido en acero, travertino , vidrio y yeso, el museo es la primera gran intervenci\u00f3n arquitect\u00f3nica y urbana en el centro hist\u00f3rico de Roma desde la era fascista . [1] Es una estructura con una naturaleza triunfal, que alude claramente al estilo de la Roma imperial. Las &hellip; <a href=\"https:\/\/blogs.smbosque.es\/queveryhacerenroma\/2019\/02\/18\/museo-dellara-pacis\/\">Seguir leyendo <span class=\"meta-nav\">&rarr;<\/span><\/a><\/p>\n","protected":false},"author":66,"featured_media":0,"comment_status":"open","ping_status":"open","sticky":false,"template":"","format":"standard","meta":{"footnotes":""},"categories":[2,12],"tags":[],"class_list":["post-73","post","type-post","status-publish","format-standard","hentry","category-que-ver-en-roma","category-museos"],"jetpack_featured_media_url":"","_links":{"self":[{"href":"https:\/\/blogs.smbosque.es\/queveryhacerenroma\/wp-json\/wp\/v2\/posts\/73","targetHints":{"allow":["GET"]}}],"collection":[{"href":"https:\/\/blogs.smbosque.es\/queveryhacerenroma\/wp-json\/wp\/v2\/posts"}],"about":[{"href":"https:\/\/blogs.smbosque.es\/queveryhacerenroma\/wp-json\/wp\/v2\/types\/post"}],"author":[{"embeddable":true,"href":"https:\/\/blogs.smbosque.es\/queveryhacerenroma\/wp-json\/wp\/v2\/users\/66"}],"replies":[{"embeddable":true,"href":"https:\/\/blogs.smbosque.es\/queveryhacerenroma\/wp-json\/wp\/v2\/comments?post=73"}],"version-history":[{"count":3,"href":"https:\/\/blogs.smbosque.es\/queveryhacerenroma\/wp-json\/wp\/v2\/posts\/73\/revisions"}],"predecessor-version":[{"id":105,"href":"https:\/\/blogs.smbosque.es\/queveryhacerenroma\/wp-json\/wp\/v2\/posts\/73\/revisions\/105"}],"wp:attachment":[{"href":"https:\/\/blogs.smbosque.es\/queveryhacerenroma\/wp-json\/wp\/v2\/media?parent=73"}],"wp:term":[{"taxonomy":"category","embeddable":true,"href":"https:\/\/blogs.smbosque.es\/queveryhacerenroma\/wp-json\/wp\/v2\/categories?post=73"},{"taxonomy":"post_tag","embeddable":true,"href":"https:\/\/blogs.smbosque.es\/queveryhacerenroma\/wp-json\/wp\/v2\/tags?post=73"}],"curies":[{"name":"wp","href":"https:\/\/api.w.org\/{rel}","templated":true}]}}