{"id":78,"date":"2019-02-18T18:12:35","date_gmt":"2019-02-18T18:12:35","guid":{"rendered":"http:\/\/blogs.smbosque.es\/queveryhacerenroma\/?p=78"},"modified":"2019-02-18T18:12:35","modified_gmt":"2019-02-18T18:12:35","slug":"san-pedro-del-vaticano","status":"publish","type":"post","link":"https:\/\/blogs.smbosque.es\/queveryhacerenroma\/2019\/02\/18\/san-pedro-del-vaticano\/","title":{"rendered":"San Pedro del Vaticano"},"content":{"rendered":"<p><img loading=\"lazy\" decoding=\"async\" class=\"alignnone size-medium wp-image-79\" src=\"https:\/\/blogs.smbosque.es\/queveryhacerenroma\/files\/2019\/02\/1280px-Petersdom_von_Engelsburg-2-300x226.jpg\" alt=\"\" width=\"300\" height=\"226\" srcset=\"https:\/\/blogs.smbosque.es\/queveryhacerenroma\/files\/2019\/02\/1280px-Petersdom_von_Engelsburg-2-300x226.jpg 300w, https:\/\/blogs.smbosque.es\/queveryhacerenroma\/files\/2019\/02\/1280px-Petersdom_von_Engelsburg-2-768x579.jpg 768w, https:\/\/blogs.smbosque.es\/queveryhacerenroma\/files\/2019\/02\/1280px-Petersdom_von_Engelsburg-2-1024x772.jpg 1024w, https:\/\/blogs.smbosque.es\/queveryhacerenroma\/files\/2019\/02\/1280px-Petersdom_von_Engelsburg-2.jpg 1280w\" sizes=\"auto, (max-width: 300px) 100vw, 300px\" \/><\/p>\n<p>&nbsp;<\/p>\n<p><strong><span style=\"color: #00ff00\">La Bas\u00edlica de San Pedro del Vaticano se levanta sobre la tumba del Ap\u00f3stol, ubicada en una neocropolis del siglo I. La primera bas\u00edlica vaticana fue construida por Constantino en el siglo IV, y estuvo en pie durante m\u00e1s de 1.000 a\u00f1os, hasta que los Papas del Renacimiento la derribaron para poder levantar una nueva bas\u00edlica sobre la tumba de San Pedro.<\/span><\/strong><br \/>\n<strong><span style=\"color: #00ff00\">Sus dimensiones eran tan gigantescas que la empresa parec\u00eda irrealizable, y estuvo a punto de sucumbir. Las obras duraron 160 a\u00f1os y en ellas trabajaron artistas de primer orden. La fachada de Maderno, la c\u00fapula de Miguel \u00c1ngel, o la Plaza de Bernini son \u00fanicas en el mundo&#8230;<\/span><\/strong><\/p>\n<p><strong><span style=\"color: #00ff00\">La entrada a la bas\u00edlica es gratis, y suele haber colas de acceso, pues hay que pasar previamente por los detectores de metales.<\/span><\/strong><\/p>\n<p><strong><span style=\"color: #00ff00\">Horario<\/span><\/strong><br \/>\n<strong><span style=\"color: #00ff00\">\u2022 Invierno (1 oct al 31 marzo): 7-18.30<\/span><\/strong><br \/>\n<strong><span style=\"color: #00ff00\">\u2022 Verano (1 abril al 30 sept): 7-19<\/span><\/strong><\/p>\n<p><strong><span style=\"color: #00ff00\">Horario de Misas (no interfieren con las visitas tur\u00edsticas):<\/span><\/strong><br \/>\n<strong><span style=\"color: #00ff00\">\u2022 De diario: 8.30 &#8211; 9 &#8211; 10 &#8211; 11 &#8211; 12 &#8211; 17<\/span><\/strong><br \/>\n<strong><span style=\"color: #00ff00\">\u2022 Domingos y fiestas: 9 &#8211; 10.30 &#8211; 11.30 &#8211; 12.15 &#8211; 13 &#8211; 16 &#8211; 17.45<\/span><\/strong><\/p>\n<p><strong><span style=\"color: #00ff00\">Sof\u00eda Santos Coca<\/span><\/strong><\/p>\n","protected":false},"excerpt":{"rendered":"<p>&nbsp; La Bas\u00edlica de San Pedro del Vaticano se levanta sobre la tumba del Ap\u00f3stol, ubicada en una neocropolis del siglo I. La primera bas\u00edlica vaticana fue construida por Constantino en el siglo IV, y estuvo en pie durante m\u00e1s de 1.000 a\u00f1os, hasta que los Papas del Renacimiento la derribaron para poder levantar una &hellip; <a href=\"https:\/\/blogs.smbosque.es\/queveryhacerenroma\/2019\/02\/18\/san-pedro-del-vaticano\/\">Seguir leyendo <span class=\"meta-nav\">&rarr;<\/span><\/a><\/p>\n","protected":false},"author":66,"featured_media":0,"comment_status":"open","ping_status":"open","sticky":false,"template":"","format":"standard","meta":{"footnotes":""},"categories":[2,10],"tags":[],"class_list":["post-78","post","type-post","status-publish","format-standard","hentry","category-que-ver-en-roma","category-barroco"],"jetpack_featured_media_url":"","_links":{"self":[{"href":"https:\/\/blogs.smbosque.es\/queveryhacerenroma\/wp-json\/wp\/v2\/posts\/78","targetHints":{"allow":["GET"]}}],"collection":[{"href":"https:\/\/blogs.smbosque.es\/queveryhacerenroma\/wp-json\/wp\/v2\/posts"}],"about":[{"href":"https:\/\/blogs.smbosque.es\/queveryhacerenroma\/wp-json\/wp\/v2\/types\/post"}],"author":[{"embeddable":true,"href":"https:\/\/blogs.smbosque.es\/queveryhacerenroma\/wp-json\/wp\/v2\/users\/66"}],"replies":[{"embeddable":true,"href":"https:\/\/blogs.smbosque.es\/queveryhacerenroma\/wp-json\/wp\/v2\/comments?post=78"}],"version-history":[{"count":1,"href":"https:\/\/blogs.smbosque.es\/queveryhacerenroma\/wp-json\/wp\/v2\/posts\/78\/revisions"}],"predecessor-version":[{"id":80,"href":"https:\/\/blogs.smbosque.es\/queveryhacerenroma\/wp-json\/wp\/v2\/posts\/78\/revisions\/80"}],"wp:attachment":[{"href":"https:\/\/blogs.smbosque.es\/queveryhacerenroma\/wp-json\/wp\/v2\/media?parent=78"}],"wp:term":[{"taxonomy":"category","embeddable":true,"href":"https:\/\/blogs.smbosque.es\/queveryhacerenroma\/wp-json\/wp\/v2\/categories?post=78"},{"taxonomy":"post_tag","embeddable":true,"href":"https:\/\/blogs.smbosque.es\/queveryhacerenroma\/wp-json\/wp\/v2\/tags?post=78"}],"curies":[{"name":"wp","href":"https:\/\/api.w.org\/{rel}","templated":true}]}}