{"id":88,"date":"2019-02-18T18:21:22","date_gmt":"2019-02-18T18:21:22","guid":{"rendered":"http:\/\/blogs.smbosque.es\/queveryhacerenroma\/?p=88"},"modified":"2019-02-18T18:21:22","modified_gmt":"2019-02-18T18:21:22","slug":"fuente-de-los-cuatro-rios","status":"publish","type":"post","link":"https:\/\/blogs.smbosque.es\/queveryhacerenroma\/2019\/02\/18\/fuente-de-los-cuatro-rios\/","title":{"rendered":"Fuente de los Cuatro R\u00edos"},"content":{"rendered":"<p><strong><span style=\"color: #ffff00\">La escultura de la Fuente de los Cuatro R\u00edos, se encuentra en la Piazza Navona de Roma (Italia) y fue ideada y cincelada por el escultor, arquitecto y pintor Gian Lorenzo Bernini en 1651 bajo el papado de Incencio X en plena \u00e9poca barroca, durante el periodo m\u00e1s prol\u00edfico del genial artista y cerca de la que en otro tiempo fue la Chiesa di San Giacomo degli Spagnoli.<\/span><\/strong><\/p>\n<p><strong><span style=\"color: #ffff00\"><img loading=\"lazy\" decoding=\"async\" class=\"alignnone size-medium wp-image-89\" src=\"https:\/\/blogs.smbosque.es\/queveryhacerenroma\/files\/2019\/02\/20120907-fuente-de-los-cuatro-rc3ados-de-bernini-300x199.jpg\" alt=\"\" width=\"300\" height=\"199\" srcset=\"https:\/\/blogs.smbosque.es\/queveryhacerenroma\/files\/2019\/02\/20120907-fuente-de-los-cuatro-rc3ados-de-bernini-300x199.jpg 300w, https:\/\/blogs.smbosque.es\/queveryhacerenroma\/files\/2019\/02\/20120907-fuente-de-los-cuatro-rc3ados-de-bernini-768x509.jpg 768w, https:\/\/blogs.smbosque.es\/queveryhacerenroma\/files\/2019\/02\/20120907-fuente-de-los-cuatro-rc3ados-de-bernini.jpg 1024w, https:\/\/blogs.smbosque.es\/queveryhacerenroma\/files\/2019\/02\/20120907-fuente-de-los-cuatro-rc3ados-de-bernini-75x50.jpg 75w\" sizes=\"auto, (max-width: 300px) 100vw, 300px\" \/><\/span><\/strong><\/p>\n<p><strong><span style=\"color: #ffff00\">David P\u00e9rez<\/span><\/strong><\/p>\n","protected":false},"excerpt":{"rendered":"<p>La escultura de la Fuente de los Cuatro R\u00edos, se encuentra en la Piazza Navona de Roma (Italia) y fue ideada y cincelada por el escultor, arquitecto y pintor Gian Lorenzo Bernini en 1651 bajo el papado de Incencio X en plena \u00e9poca barroca, durante el periodo m\u00e1s prol\u00edfico del genial artista y cerca de &hellip; <a href=\"https:\/\/blogs.smbosque.es\/queveryhacerenroma\/2019\/02\/18\/fuente-de-los-cuatro-rios\/\">Seguir leyendo <span class=\"meta-nav\">&rarr;<\/span><\/a><\/p>\n","protected":false},"author":66,"featured_media":0,"comment_status":"open","ping_status":"open","sticky":false,"template":"","format":"standard","meta":{"footnotes":""},"categories":[2,10],"tags":[],"class_list":["post-88","post","type-post","status-publish","format-standard","hentry","category-que-ver-en-roma","category-barroco"],"jetpack_featured_media_url":"","_links":{"self":[{"href":"https:\/\/blogs.smbosque.es\/queveryhacerenroma\/wp-json\/wp\/v2\/posts\/88","targetHints":{"allow":["GET"]}}],"collection":[{"href":"https:\/\/blogs.smbosque.es\/queveryhacerenroma\/wp-json\/wp\/v2\/posts"}],"about":[{"href":"https:\/\/blogs.smbosque.es\/queveryhacerenroma\/wp-json\/wp\/v2\/types\/post"}],"author":[{"embeddable":true,"href":"https:\/\/blogs.smbosque.es\/queveryhacerenroma\/wp-json\/wp\/v2\/users\/66"}],"replies":[{"embeddable":true,"href":"https:\/\/blogs.smbosque.es\/queveryhacerenroma\/wp-json\/wp\/v2\/comments?post=88"}],"version-history":[{"count":1,"href":"https:\/\/blogs.smbosque.es\/queveryhacerenroma\/wp-json\/wp\/v2\/posts\/88\/revisions"}],"predecessor-version":[{"id":90,"href":"https:\/\/blogs.smbosque.es\/queveryhacerenroma\/wp-json\/wp\/v2\/posts\/88\/revisions\/90"}],"wp:attachment":[{"href":"https:\/\/blogs.smbosque.es\/queveryhacerenroma\/wp-json\/wp\/v2\/media?parent=88"}],"wp:term":[{"taxonomy":"category","embeddable":true,"href":"https:\/\/blogs.smbosque.es\/queveryhacerenroma\/wp-json\/wp\/v2\/categories?post=88"},{"taxonomy":"post_tag","embeddable":true,"href":"https:\/\/blogs.smbosque.es\/queveryhacerenroma\/wp-json\/wp\/v2\/tags?post=88"}],"curies":[{"name":"wp","href":"https:\/\/api.w.org\/{rel}","templated":true}]}}